{"id":769,"date":"2021-12-17T08:55:02","date_gmt":"2021-12-17T08:55:02","guid":{"rendered":"https:\/\/www.gruposolivesa.com\/blog\/?p=769"},"modified":"2021-12-17T09:24:16","modified_gmt":"2021-12-17T09:24:16","slug":"cuando-sale-mas-barata-luz-ahorra-energia-invierno","status":"publish","type":"post","link":"https:\/\/www.gruposolivesa.com\/blog\/cuando-sale-mas-barata-luz-ahorra-energia-invierno\/","title":{"rendered":"\u00bfCu\u00e1ndo sale m\u00e1s barata la luz? Ahorra energ\u00eda este invierno"},"content":{"rendered":"<h1><\/h1>\n<p><span style=\"font-weight: 400;\">Los \u00faltimos meses han supuesto un sinf\u00edn de quebraderos de cabeza respecto al precio de la luz. Y es que este est\u00e1 tomando niveles nunca vistos.\u00a0<\/span><\/p>\n<p><span style=\"font-weight: 400;\">Hoy por hoy no hay un costo fijo, sino que cambia seg\u00fan las horas del d\u00eda, siendo la madrugada, las primeras horas y \u00faltimas del d\u00eda las que menor importe acumulan.\u00a0<\/span><\/p>\n<p><span style=\"font-weight: 400;\">Sin embargo, no tienes de qu\u00e9 preocuparte ya que en el art\u00edculo de hoy te vamos a decir cu\u00e1ndo sale m\u00e1s barata la luz para que puedas ahorrar en tu factura energ\u00e9tica los meses m\u00e1s fr\u00edos del a\u00f1o.\u00a0\u00a0<\/span><\/p>\n<p><!--more--><\/p>\n<h2><span style=\"font-weight: 400;\">Per\u00edodos o tramos de horario<\/span><\/h2>\n<p><span style=\"font-weight: 400;\">Los horarios de luz en la actualidad se agrupan en tres tramos que se delimitan por franjas horarias:<\/span><\/p>\n<h3><span style=\"font-weight: 400;\">Periodo de hora punta<\/span><\/h3>\n<p><span style=\"font-weight: 400;\">El periodo de hora punta<\/span><b> abarca dos tipos de franjas<\/b><span style=\"font-weight: 400;\"> y solo se aplica <\/span><b>de lunes a viernes<\/b><span style=\"font-weight: 400;\">.<\/span><\/p>\n<p><span style=\"font-weight: 400;\">De <\/span><b>10 a 14h.<\/b><span style=\"font-weight: 400;\"> y de <\/span><b>18 a 20h.<\/b><\/p>\n<p><span style=\"font-weight: 400;\">Es el horario en el que poner una lavadora o encender el horno va a resultar m\u00e1s caro.<\/span><\/p>\n<h3><span style=\"font-weight: 400;\">Periodo de hora llana<\/span><\/h3>\n<p><span style=\"font-weight: 400;\">Este tipo de horario se distribuye en<\/span><b> 3 per\u00edodos de lunes a viernes<\/b><span style=\"font-weight: 400;\">.<\/span><\/p>\n<ul>\n<li style=\"font-weight: 400;\" aria-level=\"1\"><span style=\"font-weight: 400;\">Ma\u00f1anas <\/span><b>de 8 a 10 h.<\/b><\/li>\n<li style=\"font-weight: 400;\" aria-level=\"1\"><span style=\"font-weight: 400;\">Tardes <\/span><b>de 14 a 18 h.<\/b><\/li>\n<li style=\"font-weight: 400;\" aria-level=\"1\"><span style=\"font-weight: 400;\">Noches <\/span><b>de 22 a 00 h.<\/b><\/li>\n<\/ul>\n<p><span style=\"font-weight: 400;\">En este tramo, el precio de la luz es moderado.<\/span><\/p>\n<h3><span style=\"font-weight: 400;\">Periodo de hora valle<\/span><\/h3>\n<p><span style=\"font-weight: 400;\">Este tipo de tramo abarca <\/span><b>desde las 00h hasta las 8h de lunes y viernes y los fines de semana en cualquier tipo de horario<\/b><span style=\"font-weight: 400;\">. Es el tramo m\u00e1s barato que existe.<\/span><\/p>\n<p><span style=\"font-weight: 400;\">Estas diferentes franjas se diferencian seg\u00fan las horas del d\u00eda en las que se consume m\u00e1s o menos energ\u00eda y del tipo de coste que tiene producirla.<\/span><\/p>\n<p><span style=\"font-weight: 400;\">En las conocidas tarifas de discriminaci\u00f3n horaria <\/span><b>el precio por kilovatio es m\u00e1s alto en las franjas de hora punta y otra llana<\/b><span style=\"font-weight: 400;\">.<\/span><\/p>\n<p><span style=\"font-weight: 400;\">Sin embargo, en la actualidad estas variaciones entre los diferentes periodos pueden ser similares.<\/span><\/p>\n<figure id=\"attachment_770\" aria-describedby=\"caption-attachment-770\" style=\"width: 799px\" class=\"wp-caption aligncenter\"><img loading=\"lazy\" decoding=\"async\" class=\"size-full wp-image-770\" src=\"https:\/\/www.gruposolivesa.com\/blog\/wp-content\/uploads\/2021\/12\/tarifaluzahora.png\" alt=\"\" width=\"799\" height=\"139\" srcset=\"https:\/\/www.gruposolivesa.com\/blog\/wp-content\/uploads\/2021\/12\/tarifaluzahora.png 799w, https:\/\/www.gruposolivesa.com\/blog\/wp-content\/uploads\/2021\/12\/tarifaluzahora-300x52.png 300w, https:\/\/www.gruposolivesa.com\/blog\/wp-content\/uploads\/2021\/12\/tarifaluzahora-768x134.png 768w\" sizes=\"auto, (max-width: 709px) 85vw, (max-width: 909px) 67vw, (max-width: 984px) 61vw, (max-width: 1362px) 45vw, 600px\" \/><figcaption id=\"caption-attachment-770\" class=\"wp-caption-text\"><a href=\"https:\/\/tarifaluzhora.es\/\">Tarifaluzahora<\/a><\/p>\n<p><\/figcaption><\/figure>\n<h2><span style=\"font-weight: 400;\">Potencia<\/span><\/h2>\n<p><span style=\"font-weight: 400;\">La potencia es aquella que marca cada cliente cuando contrata el servicio y se mide por kW y hace referencia a lo que pagas seg\u00fan la potencia que hayas contratado en el momento de instalar tu red de energ\u00eda.<\/span><\/p>\n<p><span style=\"font-weight: 400;\">En el momento de la instalaci\u00f3n deber\u00e1s marcar el l\u00edmite m\u00e1ximo que quieras tener. Si la energ\u00eda sobrepasa ese l\u00edmite es muy posible que los fusibles de la luz salten y te quedes sin suministro.<\/span><\/p>\n<p><span style=\"font-weight: 400;\">Es decir, cuanta m\u00e1s potencias contrates, m\u00e1s electrodom\u00e9sticos podr\u00e1s tener funcionando a la luz y tambi\u00e9n m\u00e1s cara ser\u00e1 tu factura.<\/span><\/p>\n<p><b>En relaci\u00f3n con la potencia contratada existen dos tipos de tramos o franjas horarias<\/b><span style=\"font-weight: 400;\">. Por ejemplo, si eres un particular que tiene una potencia contratada menor de 15 kW, el precio estar\u00e1 sujeto a dos tipos de tramos horarios. El tramo de hora punta y el tramo o de hora valle.<\/span><\/p>\n<p><img loading=\"lazy\" decoding=\"async\" class=\"aligncenter size-full wp-image-622\" src=\"https:\/\/www.gruposolivesa.com\/blog\/wp-content\/uploads\/2021\/05\/momento-mayor-ahorro-energetico-1.jpg\" alt=\"momento-mayor-ahorro-energetico\" width=\"800\" height=\"450\" srcset=\"https:\/\/www.gruposolivesa.com\/blog\/wp-content\/uploads\/2021\/05\/momento-mayor-ahorro-energetico-1.jpg 800w, https:\/\/www.gruposolivesa.com\/blog\/wp-content\/uploads\/2021\/05\/momento-mayor-ahorro-energetico-1-300x169.jpg 300w, https:\/\/www.gruposolivesa.com\/blog\/wp-content\/uploads\/2021\/05\/momento-mayor-ahorro-energetico-1-768x432.jpg 768w\" sizes=\"auto, (max-width: 709px) 85vw, (max-width: 909px) 67vw, (max-width: 984px) 61vw, (max-width: 1362px) 45vw, 600px\" \/><\/p>\n<h3><span style=\"font-weight: 400;\">Tramo de horario valle<\/span><\/h3>\n<p><span style=\"font-weight: 400;\">Este tramo va <\/span><b>de lunes a viernes <\/b><span style=\"font-weight: 400;\">laborables y el horario establecido se sit\u00faa<\/span><b> entre las 00h y las 8h.<\/b><\/p>\n<p><b>D\u00edas festivos y fines de semana<\/b><span style=\"font-weight: 400;\"> este horario se ampliar\u00e1 a <\/span><b>las 24 horas del d\u00eda<\/b><span style=\"font-weight: 400;\">.<\/span><\/p>\n<p><span style=\"font-weight: 400;\">Es el tramo en el que la potencia contratada resulta m\u00e1s econ\u00f3mica.\u00a0<\/span><\/p>\n<h3><span style=\"font-weight: 400;\">Tramo de horario punta<\/span><\/h3>\n<p><span style=\"font-weight: 400;\">En este tramo la potencia se reparte <\/span><b>de lunes a viernes<\/b><span style=\"font-weight: 400;\"> y el horario establecido va <\/span><b>de las 8h a las 00h.<\/b><\/p>\n<p><span style=\"font-weight: 400;\">Es el horario donde la potencia es m\u00e1s cara.<\/span><b>\u00a0<\/b><\/p>\n<h2><span style=\"font-weight: 400;\">\u00bfC\u00f3mo afectan los horarios a tu factura de la luz?<\/span><\/h2>\n<p><span style=\"font-weight: 400;\">Que un horario u otro sea m\u00e1s o menos caro depende del tipo de tarifa y si en tu caso en particular est\u00e1s dentro del mercado libre o el mercado regulado.<\/span><\/p>\n<p><span style=\"font-weight: 400;\">Los motivos son que seg\u00fan el horario puede afectar a diferentes partes dentro de tu factura.<\/span><\/p>\n<p><span style=\"font-weight: 400;\">El t\u00e9rmino de consumo hace referencia a lo que pagas por la luz que usas. <\/span><b>Si tienes una tarifa que discrimina los horarios el precio var\u00eda a lo largo de las horas del d\u00eda<\/b><span style=\"font-weight: 400;\">.\u00a0<\/span><\/p>\n<p><span style=\"font-weight: 400;\">En la actualidad casi todas las tarifas de discriminaci\u00f3n horaria se rigen por los periodos que te hemos ense\u00f1ado. De hecho, debes saber que una tarifa que tenga diferentes horarios es ideal para personas abiertas que se comprometan a adaptarse a los diferentes horarios con el objetivo de ahorrar energ\u00eda y por supuesto, pagar menos.<\/span><\/p>\n<p><span style=\"font-weight: 400;\">Aunque existen alternativas como las<\/span> <a href=\"https:\/\/www.gruposolivesa.com\/distribuidores-energeticos\/luz-y-gas\"><b>tarifas de precio fijo o la tarifa plana<\/b><\/a><span style=\"font-weight: 400;\"> donde el precio que pagues no se va a limitar al tipo de horario en el consumas energ\u00eda. Al igual que la <\/span><b>Tarifa Tiempo Happy de Endesa<\/b><span style=\"font-weight: 400;\">, donde podr\u00e1s elegir un intervalo de tiempo de dos horas al d\u00eda, donde el consumo que hagas ser\u00e1 totalmente gratuito.\u00a0<\/span><\/p>\n<p><span style=\"font-weight: 400;\">En este intervalo de tiempo tendr\u00e1s la seguridad de que, aunque pongas muchos electrodom\u00e9sticos a la vez (siempre que no superen la potencia contratada) y en cualquier horario, no pagar\u00e1s nada por ello.<\/span><\/p>\n<p><span style=\"font-weight: 400;\">\u00a0<img loading=\"lazy\" decoding=\"async\" class=\"aligncenter wp-image-51\" src=\"https:\/\/www.gruposolivesa.com\/blog\/wp-content\/uploads\/2019\/05\/accountant-4008603_1920.jpg\" alt=\"\" width=\"800\" height=\"533\" srcset=\"https:\/\/www.gruposolivesa.com\/blog\/wp-content\/uploads\/2019\/05\/accountant-4008603_1920.jpg 1920w, https:\/\/www.gruposolivesa.com\/blog\/wp-content\/uploads\/2019\/05\/accountant-4008603_1920-300x200.jpg 300w, https:\/\/www.gruposolivesa.com\/blog\/wp-content\/uploads\/2019\/05\/accountant-4008603_1920-768x512.jpg 768w, https:\/\/www.gruposolivesa.com\/blog\/wp-content\/uploads\/2019\/05\/accountant-4008603_1920-1024x683.jpg 1024w, https:\/\/www.gruposolivesa.com\/blog\/wp-content\/uploads\/2019\/05\/accountant-4008603_1920-1200x800.jpg 1200w\" sizes=\"auto, (max-width: 709px) 85vw, (max-width: 909px) 67vw, (max-width: 984px) 61vw, (max-width: 1362px) 45vw, 600px\" \/><\/span><\/p>\n<p><span style=\"font-weight: 400;\">Esperamos que con esta gu\u00eda te haya ayudado a identificar cu\u00e1ndo sale m\u00e1s barata la luz y c\u00f3mo puedes conseguir ahorrar adaptando tu vida diaria a los diferentes momentos del d\u00eda.<\/span><\/p>\n<p><span style=\"font-weight: 400;\">Si tienes alguna pregunta o necesitas asesoramiento, no dudes en ponerte <\/span><a href=\"https:\/\/www.gruposolivesa.com\/distribuidores-energeticos\/contacto\"><span style=\"font-weight: 400;\">en contacto<\/span><\/a><span style=\"font-weight: 400;\"> con nosotros. Grupo Solivesa es <\/span><a href=\"https:\/\/www.gruposolivesa.com\/\"><span style=\"font-weight: 400;\">distribuidor oficial de Endesa<\/span><\/a><span style=\"font-weight: 400;\">, empresa l\u00edder en energ\u00eda.\u00a0<\/span><\/p>\n<p>&nbsp;<\/p>\n<!-- AddThis Advanced Settings generic via filter on the_content --><!-- AddThis Share Buttons generic via filter on the_content -->","protected":false},"excerpt":{"rendered":"<p>Los \u00faltimos meses han supuesto un sinf\u00edn de quebraderos de cabeza respecto al precio de la luz. Y es que este est\u00e1 tomando niveles nunca vistos.\u00a0 Hoy por hoy no hay un costo fijo, sino que cambia seg\u00fan las horas del d\u00eda, siendo la madrugada, las primeras horas y \u00faltimas del d\u00eda las que menor &hellip; <a href=\"https:\/\/www.gruposolivesa.com\/blog\/cuando-sale-mas-barata-luz-ahorra-energia-invierno\/\" class=\"more-link\">Continuar leyendo<span class=\"screen-reader-text\"> \u00ab\u00bfCu\u00e1ndo sale m\u00e1s barata la luz? Ahorra energ\u00eda este invierno\u00bb<\/span><\/a><!-- AddThis Advanced Settings generic via filter on get_the_excerpt --><!-- AddThis Share Buttons generic via filter on get_the_excerpt --><\/p>\n","protected":false},"author":1,"featured_media":771,"comment_status":"closed","ping_status":"open","sticky":false,"template":"","format":"standard","meta":{"footnotes":""},"categories":[2],"tags":[22,134,171,170,169,47,167,168],"class_list":["post-769","post","type-post","status-publish","format-standard","has-post-thumbnail","hentry","category-consejos-energia","tag-ahorro-en-facturas","tag-endesa","tag-hora-llana","tag-hora-punta","tag-hora-valle","tag-luz","tag-tarifa-luz","tag-tramos-de-horario"],"_links":{"self":[{"href":"https:\/\/www.gruposolivesa.com\/blog\/wp-json\/wp\/v2\/posts\/769","targetHints":{"allow":["GET"]}}],"collection":[{"href":"https:\/\/www.gruposolivesa.com\/blog\/wp-json\/wp\/v2\/posts"}],"about":[{"href":"https:\/\/www.gruposolivesa.com\/blog\/wp-json\/wp\/v2\/types\/post"}],"author":[{"embeddable":true,"href":"https:\/\/www.gruposolivesa.com\/blog\/wp-json\/wp\/v2\/users\/1"}],"replies":[{"embeddable":true,"href":"https:\/\/www.gruposolivesa.com\/blog\/wp-json\/wp\/v2\/comments?post=769"}],"version-history":[{"count":3,"href":"https:\/\/www.gruposolivesa.com\/blog\/wp-json\/wp\/v2\/posts\/769\/revisions"}],"predecessor-version":[{"id":774,"href":"https:\/\/www.gruposolivesa.com\/blog\/wp-json\/wp\/v2\/posts\/769\/revisions\/774"}],"wp:featuredmedia":[{"embeddable":true,"href":"https:\/\/www.gruposolivesa.com\/blog\/wp-json\/wp\/v2\/media\/771"}],"wp:attachment":[{"href":"https:\/\/www.gruposolivesa.com\/blog\/wp-json\/wp\/v2\/media?parent=769"}],"wp:term":[{"taxonomy":"category","embeddable":true,"href":"https:\/\/www.gruposolivesa.com\/blog\/wp-json\/wp\/v2\/categories?post=769"},{"taxonomy":"post_tag","embeddable":true,"href":"https:\/\/www.gruposolivesa.com\/blog\/wp-json\/wp\/v2\/tags?post=769"}],"curies":[{"name":"wp","href":"https:\/\/api.w.org\/{rel}","templated":true}]}}