{"id":1278,"date":"2024-03-27T11:49:15","date_gmt":"2024-03-27T11:49:15","guid":{"rendered":"https:\/\/www.gruposolivesa.com\/blog\/?p=1278"},"modified":"2024-03-28T08:19:55","modified_gmt":"2024-03-28T08:19:55","slug":"protege-a-tu-mascota-durante-la-primavera","status":"publish","type":"post","link":"https:\/\/www.gruposolivesa.com\/blog\/protege-a-tu-mascota-durante-la-primavera\/","title":{"rendered":"\u00a1Protege a tu mascota durante la primavera!"},"content":{"rendered":"\n<p>La primavera es una de las \u00e9pocas del a\u00f1o que m\u00e1s influyen en nuestras mascotas, en su bienestar y en su salud. Al igual que los humanos, nuestros perros necesitan cuidados espec\u00edficos durante esta estaci\u00f3n.&nbsp;<\/p>\n\n\n\n<!--more-->\n\n\n\n<p>Tal y como el cambio de estaci\u00f3n nos afecta a las personas, mejora nuestro estado de \u00e1nimo gracias a los d\u00edas m\u00e1s soleados y c\u00e1lidos, tambi\u00e9n hace que suframos la astenia primaveral, la ca\u00edda del cabello o picaduras de insectos . Al igual que nos afecta a nosotros, ocurre lo mismo con los perros. Por lo que tendremos que tener especial cuidado en su alimentaci\u00f3n, vigilar si sufren alg\u00fan tipo de alergia, ayudarles con el cambio de pelo o protegerlos de los insectos,&nbsp; par\u00e1sitos y de sus picaduras, entre otros.&nbsp;<\/p>\n\n\n\n<h3 class=\"wp-block-heading\"><strong>Vigila las posibles alergias primaverales del perro<\/strong><\/h3>\n\n\n\n<p>En los \u00faltimos a\u00f1os, se ha disparado el n\u00famero de perros que sufren reacciones al\u00e9rgicas. Nuestras mascotas pueden verse afectadas por el polen, los \u00e1caros, el polvo. Una dolencia que se manifiesta de manera muy similar a la reacci\u00f3n humana ante la exposici\u00f3n al polen de las flores, y que se da especialmente tras estar al aire libre.&nbsp;<\/p>\n\n\n\n<p>Si observamos que nuestro perro se rasca con frecuencia, tiene lagrimeo, se lame en exceso o presenta p\u00e9rdida de pelo, debemos acudir al veterinario para que le puedan diagnosticar y ofrecer tratamiento espec\u00edfico.&nbsp;<\/p>\n\n\n\n<p><strong>Desparasitaci\u00f3n del perro<\/strong><\/p>\n\n\n\n<p>Aunque la desparasitaci\u00f3n debe de realizarse durante todo el a\u00f1o, en primavera debemos aumentar las precauciones, ya que los paseos son m\u00e1s largos y es una \u00e9poca donde proliferan las garrapatas, pulgas y mosquitos.&nbsp;<\/p>\n\n\n\n<p>Estos par\u00e1sitos se alimentan de la sangre de las mascotas y pueden provocarles hemorragias, adem\u00e1s de transmitirles enfermedades e infecciones. Por lo que es recomendable utilizar productos para desparasitar a nuestras mascotas en esta \u00e9poca del a\u00f1o.<\/p>\n\n\n\n<p>Otros peligros a los que est\u00e1n expuestos nuestros amigos canes, son las picaduras de insectos o contacto con la oruga procesionaria.&nbsp; La mejor forma de prevenir estas picaduras es vigilar a nuestros perros cuando est\u00e9n al aire libre, as\u00ed como alejarse de las zonas de pinares, de este modo evitamos la oruga procesionaria que puede ocasionar graves irritaciones y lesiones.&nbsp;<\/p>\n\n\n\n<figure class=\"wp-block-image size-full\"><img loading=\"lazy\" decoding=\"async\" width=\"940\" height=\"788\" src=\"https:\/\/www.gruposolivesa.com\/blog\/wp-content\/uploads\/2024\/03\/post_marzo_mascotas02.png\" alt=\"\" class=\"wp-image-1279\" srcset=\"https:\/\/www.gruposolivesa.com\/blog\/wp-content\/uploads\/2024\/03\/post_marzo_mascotas02.png 940w, https:\/\/www.gruposolivesa.com\/blog\/wp-content\/uploads\/2024\/03\/post_marzo_mascotas02-300x251.png 300w, https:\/\/www.gruposolivesa.com\/blog\/wp-content\/uploads\/2024\/03\/post_marzo_mascotas02-768x644.png 768w\" sizes=\"auto, (max-width: 709px) 85vw, (max-width: 909px) 67vw, (max-width: 1362px) 62vw, 840px\" \/><\/figure>\n\n\n\n<p><\/p>\n\n\n\n<p><strong>La leishmaniosis canina<\/strong><\/p>\n\n\n\n<p>La leishmaniosis canina se propaga a trav\u00e9s de la picadura de los mosquitos. Los s\u00edntomas son m\u00faltiples: ca\u00edda del pelo, p\u00e9rdida de peso, hemorragia nasales o diarreas, entre otros.<\/p>\n\n\n\n<p>Para evitar esta enfermedad existe una vacuna, pero tambi\u00e9n puedes proteger a tu mascota con productos preventivos como los repelentes o antipar\u00e1sitos externos.&nbsp;<\/p>\n\n\n\n<p><strong>Evitar las espigas<\/strong><\/p>\n\n\n\n<p>Conviene tambi\u00e9n tener especial cuidado con la vegetaci\u00f3n, especialmente con las espigas. Estas pueden introducirse en tu perro por cualquier orificio (ojos, nariz, o\u00eddos) provocando infecciones o inflamaciones. O si se clavan en su piel o mucosas, pueden llegar a penetrar hasta llegar a alg\u00fan \u00f3rgano interno.&nbsp;<\/p>\n\n\n\n<p>En ocasiones es necesaria la intervenci\u00f3n quir\u00fargica para extraer la espiga, por ello si observamos que tiene una espiga clavada hay que ir cuanto antes al veterinario. Por eso, si paseamos por zonas con vegetaci\u00f3n es aconsejable cortarle el pelo y hacerle una revisi\u00f3n despu\u00e9s de cada salida.&nbsp;<\/p>\n\n\n\n<p><strong>Cuida su alimentaci\u00f3n e hidrataci\u00f3n<\/strong><\/p>\n\n\n\n<p>Para ayudar a su sistema inmunol\u00f3gico y que est\u00e9 en pleno rendimiento, es importante que su dieta cuente con un aporte extra de Omega3. Este nutriente har\u00e1 que pueda estar m\u00e1s fuerte en primavera y que llegue al verano con el bienestar que necesita para afrontar mejor el calor.&nbsp;<\/p>\n\n\n\n<p>Tambi\u00e9n es recomendable que salgas siempre de casa con un dispensador de agua, ya que la temperatura en primavera var\u00eda mucho durante el d\u00eda. Para los perros es muy importante la hidrataci\u00f3n, ya que es una forma de regular su temperatura corporal.<\/p>\n\n\n\n<p><strong>Ay\u00fadale con el cambio de pelo, otro cuidado fundamental<\/strong><\/p>\n\n\n\n<p>La muda del pelo del perro es un fen\u00f3meno f\u00edsico que se da, de forma regular, dos veces al a\u00f1o y siempre en oto\u00f1o y primavera. El objetivo es modificar la cantidad de pelo para la subida de las temperaturas. Por lo que en primavera es importante implementar una buena rutina de aseo para perros.&nbsp;<\/p>\n\n\n\n<p>Es recomendable cepillar al animal un par de veces al d\u00eda para eliminar el pelo muerto y deshacer los enredos. Tambi\u00e9n puedes llevar a tu mascota a la peluquer\u00eda para que le ayuden a librarse del pelo grueso del invierno y tener un look m\u00e1s fresco.&nbsp;<\/p>\n\n\n\n<h2 class=\"wp-block-heading\"><strong>\u00bfPor qu\u00e9 es importante tener un seguro para perros?<\/strong><\/h2>\n\n\n\n<p>Cuidar de la salud de tu perro va m\u00e1s all\u00e1 de los cuidados rutinarios, implica tambi\u00e9n tener un apoyo para cualquier imprevisto. En Grupo Solivesa junto con ASISA MASCOTAS, estamos comprometidos con el bienestar de tu mascota y ofrecemos un seguro para perros que se adapta a tus necesidades.&nbsp;<\/p>\n\n\n\n<p>Protegiendo a tu perro con los cuidados, vacunas y un seguro adecuado, est\u00e1s invirtiendo su salud. <\/p>\n\n\n\n<p>\u00a1Conf\u00eda en <a href=\"https:\/\/agenteasisa.com\/seguro-mascotas\/\">ASISA MASCOTAS<\/a> para cuidar a tu perro y darle los cuidados que se merece!<\/p>\n<!-- AddThis Advanced Settings generic via filter on the_content --><!-- AddThis Share Buttons generic via filter on the_content -->","protected":false},"excerpt":{"rendered":"<p>La primavera es una de las \u00e9pocas del a\u00f1o que m\u00e1s influyen en nuestras mascotas, en su bienestar y en su salud. Al igual que los humanos, nuestros perros necesitan cuidados espec\u00edficos durante esta estaci\u00f3n.&nbsp;<!-- AddThis Advanced Settings generic via filter on get_the_excerpt --><!-- AddThis Share Buttons generic via filter on get_the_excerpt --><\/p>\n","protected":false},"author":2,"featured_media":1280,"comment_status":"closed","ping_status":"open","sticky":false,"template":"","format":"standard","meta":{"footnotes":""},"categories":[1],"tags":[],"class_list":["post-1278","post","type-post","status-publish","format-standard","has-post-thumbnail","hentry","category-noticias"],"_links":{"self":[{"href":"https:\/\/www.gruposolivesa.com\/blog\/wp-json\/wp\/v2\/posts\/1278","targetHints":{"allow":["GET"]}}],"collection":[{"href":"https:\/\/www.gruposolivesa.com\/blog\/wp-json\/wp\/v2\/posts"}],"about":[{"href":"https:\/\/www.gruposolivesa.com\/blog\/wp-json\/wp\/v2\/types\/post"}],"author":[{"embeddable":true,"href":"https:\/\/www.gruposolivesa.com\/blog\/wp-json\/wp\/v2\/users\/2"}],"replies":[{"embeddable":true,"href":"https:\/\/www.gruposolivesa.com\/blog\/wp-json\/wp\/v2\/comments?post=1278"}],"version-history":[{"count":2,"href":"https:\/\/www.gruposolivesa.com\/blog\/wp-json\/wp\/v2\/posts\/1278\/revisions"}],"predecessor-version":[{"id":1282,"href":"https:\/\/www.gruposolivesa.com\/blog\/wp-json\/wp\/v2\/posts\/1278\/revisions\/1282"}],"wp:featuredmedia":[{"embeddable":true,"href":"https:\/\/www.gruposolivesa.com\/blog\/wp-json\/wp\/v2\/media\/1280"}],"wp:attachment":[{"href":"https:\/\/www.gruposolivesa.com\/blog\/wp-json\/wp\/v2\/media?parent=1278"}],"wp:term":[{"taxonomy":"category","embeddable":true,"href":"https:\/\/www.gruposolivesa.com\/blog\/wp-json\/wp\/v2\/categories?post=1278"},{"taxonomy":"post_tag","embeddable":true,"href":"https:\/\/www.gruposolivesa.com\/blog\/wp-json\/wp\/v2\/tags?post=1278"}],"curies":[{"name":"wp","href":"https:\/\/api.w.org\/{rel}","templated":true}]}}