{"id":1272,"date":"2024-03-18T13:11:12","date_gmt":"2024-03-18T13:11:12","guid":{"rendered":"https:\/\/www.gruposolivesa.com\/blog\/?p=1272"},"modified":"2024-03-18T13:11:32","modified_gmt":"2024-03-18T13:11:32","slug":"como-afectara-la-subida-del-iva-en-tu-factura-de-la-luz","status":"publish","type":"post","link":"https:\/\/www.gruposolivesa.com\/blog\/como-afectara-la-subida-del-iva-en-tu-factura-de-la-luz\/","title":{"rendered":"\u00bfC\u00f3mo afectar\u00e1 la subida del IVA en tu factura de la luz?"},"content":{"rendered":"\n<p>Desde el 1 de marzo de 2024 nuestra factura de la luz se ver\u00e1 incrementada debido a que el IVA volver\u00e1 a situarse en el 21%. Las medidas para hacer frente al incremento de los precios de la energ\u00eda han llegado a su fin debido a una cl\u00e1usula del Real Decreto-ley 8\/2023 por el que se adoptan medidas para afrontar las consecuencias econ\u00f3micas y sociales derivadas de los conflictos de Ucrania y Oriente Pr\u00f3ximo, as\u00ed como para paliar los efectos de la sequ\u00eda.\u00a0<\/p>\n\n\n\n<!--more-->\n\n\n\n<p>Con car\u00e1cter general, el IVA de la electricidad es de 21%. Pero debido a la crisis energ\u00e9tica de 2021 por la escasez de energ\u00eda a nivel global, el Gobierno adopt\u00f3 una serie de medidas para suavizar las subidas de precio del gas y energ\u00eda. Tras la recuperaci\u00f3n econ\u00f3mica despu\u00e9s de la pandemia del Covid-19, producir energ\u00eda era muy costoso. El Gobierno decidi\u00f3 reducir el IVA de la luz, del 21% baj\u00f3 al 10%. Unos meses despu\u00e9s, esta vez&nbsp; a consecuencia de la guerra de Ucrania, los precios de la luz volvieron a dispararse y dieron lugar a otra crisis energ\u00e9tica. Por lo que el Gobierno volvi\u00f3 a aplicar la reducci\u00f3n en el IVA de la energ\u00eda y baj\u00f3 el impuesto al 5%.&nbsp;<\/p>\n\n\n\n<p><strong>IVA de la luz al 21% en marzo<\/strong><\/p>\n\n\n\n<p>Estas medidas de reducci\u00f3n del IVA venc\u00eda el pasado 31 de diciembre de 2023, pero el Consejo de Ministros decidi\u00f3\u00a0ampliar el paquete de medidas anticrisis durante el 2024. No obstante,\u00a0 la cl\u00e1usula\u00a0que se incluy\u00f3 en el\u00a0<a href=\"https:\/\/www.boe.es\/buscar\/act.php?id=BOE-A-2023-26452\">Real Decreto-ley 8\/2023<\/a> para aplicar la reducci\u00f3n del impuesto en las facturas es la responsable de la\u00a0nueva subida de la luz. Debido a que en el mes de febrero el precio medio de la energ\u00eda fue de 42\u20ac el MWh, situ\u00e1ndose por debajo del l\u00edmite que fij\u00f3 el Gobierno para seguir aplicando la rebaja fiscal, que marcaba como l\u00edmite un 45\u20ac el Mwh para aplicar el IVA reducido al 10%. Por este motivo en el mes de marzo el IVA que se paga por la luz sube autom\u00e1ticamente al 21%, posicion\u00e1ndose al mismo nivel que estaba antes de las medidas aplicadas por Gobierno.\u00a0<\/p>\n\n\n\n<figure class=\"wp-block-image size-large is-resized\"><img loading=\"lazy\" decoding=\"async\" src=\"https:\/\/www.gruposolivesa.com\/blog\/wp-content\/uploads\/2024\/03\/03_post_iva_marzo02-1024x731.png\" alt=\"\" class=\"wp-image-1274\" width=\"844\" height=\"602\" srcset=\"https:\/\/www.gruposolivesa.com\/blog\/wp-content\/uploads\/2024\/03\/03_post_iva_marzo02-1024x731.png 1024w, https:\/\/www.gruposolivesa.com\/blog\/wp-content\/uploads\/2024\/03\/03_post_iva_marzo02-300x214.png 300w, https:\/\/www.gruposolivesa.com\/blog\/wp-content\/uploads\/2024\/03\/03_post_iva_marzo02-768x549.png 768w, https:\/\/www.gruposolivesa.com\/blog\/wp-content\/uploads\/2024\/03\/03_post_iva_marzo02-1536x1097.png 1536w, https:\/\/www.gruposolivesa.com\/blog\/wp-content\/uploads\/2024\/03\/03_post_iva_marzo02-2048x1463.png 2048w, https:\/\/www.gruposolivesa.com\/blog\/wp-content\/uploads\/2024\/03\/03_post_iva_marzo02-1200x857.png 1200w\" sizes=\"auto, (max-width: 709px) 85vw, (max-width: 909px) 67vw, (max-width: 1362px) 62vw, 840px\" \/><\/figure>\n\n\n\n<h3 class=\"wp-block-heading\"><strong>Otros cambios importantes en la factura de la luz 2024<\/strong><\/h3>\n\n\n\n<p>Adem\u00e1s de la subida del IVA de la luz durante este 2024, tambi\u00e9n tenemos que a\u00f1adir el incremento de otros tributos que se aplican en nuestras&nbsp; facturas de electricidad.&nbsp;<\/p>\n\n\n\n<p>Uno de ellos, es el&nbsp; Impuesto Especial de la Electricidad (IEE) que va a ir ascendiendo progresivamente durante este a\u00f1o para recuperar su valor original del 5,11%. Ya que a finales del 2023 estaba en 0,5%.&nbsp; Este impuesto indirecto est\u00e1 relacionado con la potencia contratada y el consumo de electricidad. Se calcula antes que el IVA, aplicando el porcentaje del impuesto a la suma del consumo realizado durante el per\u00edodo facturado y la potencia que tienes contratada en tu hogar o negocio.&nbsp;<\/p>\n\n\n\n<p>Otro impuesto que tambi\u00e9n se incrementar\u00e1 durante los pr\u00f3ximos meses para situarse en su valor original es el Impuesto a la Producci\u00f3n El\u00e9ctrica (IVPEE), que pasa del 0% hasta alcanzar el 7% habitual en julio de 2024. Este tributo se aplica para gravar la actividad para la producci\u00f3n de energ\u00eda el\u00e9ctrica. Su objetivo es conseguir que las compa\u00f1\u00edas el\u00e9ctricas reduzcan su huella de carbono. Directamente este impuesto no se ver\u00e1 incrementado en tu factura porque corresponde pagarlo a los productores de electricidad, y no al consumidor final. Pero de forma <\/p>\n\n\n\n<p>indirecta nos puede afectar como consumidores, porque cuanto m\u00e1s cueste producir electricidad mayor ser\u00e1 el precio en el mercado.&nbsp;<\/p>\n\n\n\n<h2 class=\"wp-block-heading\"><strong>Consejos para reducir el consumo el\u00e9ctrico<\/strong><\/h2>\n\n\n\n<p>A continuaci\u00f3n os dejamos unos consejos que puedes aplicar en tu hogar para reducir el consumo el\u00e9ctrico y de este modo poder ahorrar en tu factura de la luz mes a mes.<\/p>\n\n\n\n<ul class=\"wp-block-list\">\n<li>Recomendamos revisar la factura regularmente para comparar los precios aplicados, por si hay una revisi\u00f3n o modificaci\u00f3n de precios.&nbsp;<\/li>\n\n\n\n<li>Elige a la hora de reemplazar un electrodom\u00e9stico que tenga la etiqueta de eficiencia A.&nbsp;<\/li>\n\n\n\n<li>Desenchufa de la corriente el\u00e9ctrica todos los aparatos que no utilices, ya que aunque no est\u00e9n encendidos est\u00e1n consumiendo electricidad en el modo <em>stand by.<\/em><\/li>\n\n\n\n<li>Cambia en tu casa las bombillas LED de bajo consumo.&nbsp;<\/li>\n\n\n\n<li>Enchufa el lavavajillas y la lavadora a plena carga, adem\u00e1s de usar programas eco y de corta duraci\u00f3n.&nbsp;<\/li>\n\n\n\n<li>Instala placas solares en tu hogar, aumenta la generaci\u00f3n de energ\u00eda de origen renovable.&nbsp;<\/li>\n<\/ul>\n\n\n\n<p>En Grupo Solivesa somos distribuidores de luz y contamos con a\u00f1os de experiencia en optimizaci\u00f3n del gasto energ\u00e9tico.&nbsp; Deja de pagar m\u00e1s en tu factura y da el primer paso hacia el cambio energ\u00e9tico.<\/p>\n<!-- AddThis Advanced Settings generic via filter on the_content --><!-- AddThis Share Buttons generic via filter on the_content -->","protected":false},"excerpt":{"rendered":"<p>Desde el 1 de marzo de 2024 nuestra factura de la luz se ver\u00e1 incrementada debido a que el IVA volver\u00e1 a situarse en el 21%. Las medidas para hacer frente al incremento de los precios de la energ\u00eda han llegado a su fin debido a una cl\u00e1usula del Real Decreto-ley 8\/2023 por el que &hellip; <a href=\"https:\/\/www.gruposolivesa.com\/blog\/como-afectara-la-subida-del-iva-en-tu-factura-de-la-luz\/\" class=\"more-link\">Continuar leyendo<span class=\"screen-reader-text\"> \u00ab\u00bfC\u00f3mo afectar\u00e1 la subida del IVA en tu factura de la luz?\u00bb<\/span><\/a><!-- AddThis Advanced Settings generic via filter on get_the_excerpt --><!-- AddThis Share Buttons generic via filter on get_the_excerpt --><\/p>\n","protected":false},"author":2,"featured_media":1273,"comment_status":"closed","ping_status":"open","sticky":false,"template":"","format":"standard","meta":{"footnotes":""},"categories":[2,212],"tags":[],"class_list":["post-1272","post","type-post","status-publish","format-standard","has-post-thumbnail","hentry","category-consejos-energia","category-energia"],"_links":{"self":[{"href":"https:\/\/www.gruposolivesa.com\/blog\/wp-json\/wp\/v2\/posts\/1272","targetHints":{"allow":["GET"]}}],"collection":[{"href":"https:\/\/www.gruposolivesa.com\/blog\/wp-json\/wp\/v2\/posts"}],"about":[{"href":"https:\/\/www.gruposolivesa.com\/blog\/wp-json\/wp\/v2\/types\/post"}],"author":[{"embeddable":true,"href":"https:\/\/www.gruposolivesa.com\/blog\/wp-json\/wp\/v2\/users\/2"}],"replies":[{"embeddable":true,"href":"https:\/\/www.gruposolivesa.com\/blog\/wp-json\/wp\/v2\/comments?post=1272"}],"version-history":[{"count":2,"href":"https:\/\/www.gruposolivesa.com\/blog\/wp-json\/wp\/v2\/posts\/1272\/revisions"}],"predecessor-version":[{"id":1276,"href":"https:\/\/www.gruposolivesa.com\/blog\/wp-json\/wp\/v2\/posts\/1272\/revisions\/1276"}],"wp:featuredmedia":[{"embeddable":true,"href":"https:\/\/www.gruposolivesa.com\/blog\/wp-json\/wp\/v2\/media\/1273"}],"wp:attachment":[{"href":"https:\/\/www.gruposolivesa.com\/blog\/wp-json\/wp\/v2\/media?parent=1272"}],"wp:term":[{"taxonomy":"category","embeddable":true,"href":"https:\/\/www.gruposolivesa.com\/blog\/wp-json\/wp\/v2\/categories?post=1272"},{"taxonomy":"post_tag","embeddable":true,"href":"https:\/\/www.gruposolivesa.com\/blog\/wp-json\/wp\/v2\/tags?post=1272"}],"curies":[{"name":"wp","href":"https:\/\/api.w.org\/{rel}","templated":true}]}}