{"id":1265,"date":"2024-02-26T10:48:06","date_gmt":"2024-02-26T10:48:06","guid":{"rendered":"https:\/\/www.gruposolivesa.com\/blog\/?p=1265"},"modified":"2024-03-08T11:07:19","modified_gmt":"2024-03-08T11:07:19","slug":"los-moviles-del-futuro-con-inteligencia-artificial-plegables-sostenibles-y-sin-pantalla","status":"publish","type":"post","link":"https:\/\/www.gruposolivesa.com\/blog\/los-moviles-del-futuro-con-inteligencia-artificial-plegables-sostenibles-y-sin-pantalla\/","title":{"rendered":"Los m\u00f3viles del futuro: con inteligencia artificial, plegables, sostenibles y sin pantalla"},"content":{"rendered":"\n<p>La industria de la telefon\u00eda m\u00f3vil prev\u00e9 que estamos ante una nueva brecha digital. Las empresas del sector est\u00e1n integrando sistemas de inteligencia artificial (IA) para dotarlos de nuevas funcionalidades. Esta nueva tendencia marcar\u00e1 un antes y un despu\u00e9s en la tecnolog\u00eda m\u00f3vil. Las empresas tecnol\u00f3gicas han aprovechado la celebraci\u00f3n del Mobile World Congress para exponer al mundo la tendencia que marcar\u00e1 el futuro.\u00a0<\/p>\n\n\n\n<!--more-->\n\n\n\n<p>El Mobile World Congress (MWC), el mayor evento mundial de la industria m\u00f3vil y la tecnolog\u00eda digital se ha celebrado del 26 al 29 de febrero en Barcelona. Donde miles de visitantes de todo el mundo asisten a la cita para conocer los \u00faltimos avances y novedades de la industria tecnol\u00f3gica.&nbsp;<\/p>\n\n\n\n<p><strong>El MWC menos \u201cmobile\u201d de la historia<\/strong><\/p>\n\n\n\n<p>La MWC es el evento m\u00e1s relevante a nivel mundial del sector de la comunicaci\u00f3n m\u00f3vil, pero cada vez es menos de telefon\u00eda y m\u00e1s de tecnolog\u00eda, mostrando prototipos y dispositivos futuristas para atraer la atenci\u00f3n de los visitantes y medios.&nbsp;<\/p>\n\n\n\n<p>En esta \u00faltima edici\u00f3n, uno de los mayores \u00e9xitos ha sido el coche el\u00e9ctrico SU7 Max presentado por la marca asi\u00e1tica Xiaomi, que ha acaparado gran expectaci\u00f3n entre los asistentes. Y en el \u00e1mbito de la movilidad tambi\u00e9n ha destacado la maqueta de un taxi volador.&nbsp;<\/p>\n\n\n\n<p>Tambi\u00e9n, los robots han protagonizado la feria. Desde perros robots, que con aspecto animal conquistan al p\u00fablico realizando volteretas y recuper\u00e1ndose de ca\u00eddas. Dotados con IA, responden a comandos de voz y a peticiones desde una app. A una humanoide realista con gran expresividad\u00a0 que se comunica de forma natural tanto por la voz como por los gestos que hace. La androide\u00a0 muestra sentimientos humanos\u00a0 como alegr\u00eda, tristeza, felicidad o ira.\u00a0<\/p>\n\n\n\n<figure class=\"wp-block-image size-large\"><img loading=\"lazy\" decoding=\"async\" width=\"1024\" height=\"683\" src=\"https:\/\/www.gruposolivesa.com\/blog\/wp-content\/uploads\/2024\/03\/imagen_post-MWC-1-1024x683.jpg\" alt=\"\" class=\"wp-image-1267\" srcset=\"https:\/\/www.gruposolivesa.com\/blog\/wp-content\/uploads\/2024\/03\/imagen_post-MWC-1-1024x683.jpg 1024w, https:\/\/www.gruposolivesa.com\/blog\/wp-content\/uploads\/2024\/03\/imagen_post-MWC-1-300x200.jpg 300w, https:\/\/www.gruposolivesa.com\/blog\/wp-content\/uploads\/2024\/03\/imagen_post-MWC-1-768x512.jpg 768w, https:\/\/www.gruposolivesa.com\/blog\/wp-content\/uploads\/2024\/03\/imagen_post-MWC-1-1536x1024.jpg 1536w, https:\/\/www.gruposolivesa.com\/blog\/wp-content\/uploads\/2024\/03\/imagen_post-MWC-1-2048x1365.jpg 2048w, https:\/\/www.gruposolivesa.com\/blog\/wp-content\/uploads\/2024\/03\/imagen_post-MWC-1-1200x800.jpg 1200w\" sizes=\"auto, (max-width: 709px) 85vw, (max-width: 909px) 67vw, (max-width: 1362px) 62vw, 840px\" \/><\/figure>\n\n\n\n<p><strong>La inteligencia artificial como protagonista<\/strong><\/p>\n\n\n\n<p>Este a\u00f1o el principal protagonista del Mobile World Congress (MWC) ha sido la inteligencia artificial (IA) en el que la gran mayor\u00eda de las compa\u00f1\u00edas participantes han presentado alguna innovaci\u00f3n relacionada en este campo revolucionando las telecomunicaciones y otros campos de la econom\u00eda. Gran parte de las empresas participantes han presentado novedades relacionadas con la incorporaci\u00f3n de modelos generativos o de aprendizaje autom\u00e1tico de sus productos, o bien a los procesos productivos para ganar eficiencia.\u00a0<\/p>\n\n\n\n<p>Se han podido ver en la Feria m\u00f3viles con herramientas de IA capaces de hacer traducci\u00f3n simult\u00e1nea a varios idiomas,&nbsp; mejorar la redacci\u00f3n de mensajes con \u00f3rdenes de voz. Edici\u00f3n de fotograf\u00edas con IA para dotar de mayor contenido y poder crear ambientes y entornos personalizados. Adem\u00e1s de realizar b\u00fasquedas m\u00e1s efectivas en los dispositivos.&nbsp;<\/p>\n\n\n\n<p><strong>EL MWC de la sostenibilidad<\/strong><\/p>\n\n\n\n<p>Cada vez m\u00e1s las empresas tecnol\u00f3gicas son m\u00e1s conscientes del impacto medioambiental que&nbsp; supone las nuevas tecnolog\u00edas. De hecho, se calcula que existen m\u00e1s de 5.000 millones de tel\u00e9fonos m\u00f3viles inoperativos en el mundo. Las empresas tecnol\u00f3gicas empiezan a integrar materiales reciclados para los componentes de los dispositivos m\u00f3viles. Por ejemplo, con el cobalto y metales que contienen los m\u00f3viles, se podr\u00edan fabricar bater\u00edas para coches el\u00e9ctricos.&nbsp;<\/p>\n\n\n\n<p>Por otro lado, existen empresas tecnol\u00f3gicas que desarrollan nuevas tecnolog\u00edas para la regeneraci\u00f3n de la vida marina para compensar el impacto del ser humano en los oc\u00e9anos.&nbsp;<\/p>\n\n\n\n<p>La MWC no es s\u00f3lo un punto de encuentro para la industria sino tambi\u00e9n es el marco id\u00f3neo para conocer el inter\u00e9s y la evoluci\u00f3n tecnol\u00f3gica. Durante estos cuatro d\u00edas de Congreso se han presentado infinidad de novedades tecnol\u00f3gicas, que sin duda alguna de ellas se incorporar\u00e1n en nuestro d\u00eda a d\u00eda de forma natural. Otras las aplicaremos en nuestras profesiones, y muchas de ellas desaparecer\u00e1n sin llegar a ser implantadas en nuestras vidas. \u00bfC\u00f3mo crees que cambiar\u00eda tu d\u00eda a d\u00eda con un asistente dotado de IA?&nbsp;<\/p>\n<!-- AddThis Advanced Settings generic via filter on the_content --><!-- AddThis Share Buttons generic via filter on the_content -->","protected":false},"excerpt":{"rendered":"<p>La industria de la telefon\u00eda m\u00f3vil prev\u00e9 que estamos ante una nueva brecha digital. Las empresas del sector est\u00e1n integrando sistemas de inteligencia artificial (IA) para dotarlos de nuevas funcionalidades. Esta nueva tendencia marcar\u00e1 un antes y un despu\u00e9s en la tecnolog\u00eda m\u00f3vil. Las empresas tecnol\u00f3gicas han aprovechado la celebraci\u00f3n del Mobile World Congress para &hellip; <a href=\"https:\/\/www.gruposolivesa.com\/blog\/los-moviles-del-futuro-con-inteligencia-artificial-plegables-sostenibles-y-sin-pantalla\/\" class=\"more-link\">Continuar leyendo<span class=\"screen-reader-text\"> \u00abLos m\u00f3viles del futuro: con inteligencia artificial, plegables, sostenibles y sin pantalla\u00bb<\/span><\/a><!-- AddThis Advanced Settings generic via filter on get_the_excerpt --><!-- AddThis Share Buttons generic via filter on get_the_excerpt --><\/p>\n","protected":false},"author":2,"featured_media":1268,"comment_status":"closed","ping_status":"open","sticky":false,"template":"","format":"standard","meta":{"footnotes":""},"categories":[211],"tags":[7],"class_list":["post-1265","post","type-post","status-publish","format-standard","has-post-thumbnail","hentry","category-telecomunicaciones","tag-vodafone"],"_links":{"self":[{"href":"https:\/\/www.gruposolivesa.com\/blog\/wp-json\/wp\/v2\/posts\/1265","targetHints":{"allow":["GET"]}}],"collection":[{"href":"https:\/\/www.gruposolivesa.com\/blog\/wp-json\/wp\/v2\/posts"}],"about":[{"href":"https:\/\/www.gruposolivesa.com\/blog\/wp-json\/wp\/v2\/types\/post"}],"author":[{"embeddable":true,"href":"https:\/\/www.gruposolivesa.com\/blog\/wp-json\/wp\/v2\/users\/2"}],"replies":[{"embeddable":true,"href":"https:\/\/www.gruposolivesa.com\/blog\/wp-json\/wp\/v2\/comments?post=1265"}],"version-history":[{"count":2,"href":"https:\/\/www.gruposolivesa.com\/blog\/wp-json\/wp\/v2\/posts\/1265\/revisions"}],"predecessor-version":[{"id":1270,"href":"https:\/\/www.gruposolivesa.com\/blog\/wp-json\/wp\/v2\/posts\/1265\/revisions\/1270"}],"wp:featuredmedia":[{"embeddable":true,"href":"https:\/\/www.gruposolivesa.com\/blog\/wp-json\/wp\/v2\/media\/1268"}],"wp:attachment":[{"href":"https:\/\/www.gruposolivesa.com\/blog\/wp-json\/wp\/v2\/media?parent=1265"}],"wp:term":[{"taxonomy":"category","embeddable":true,"href":"https:\/\/www.gruposolivesa.com\/blog\/wp-json\/wp\/v2\/categories?post=1265"},{"taxonomy":"post_tag","embeddable":true,"href":"https:\/\/www.gruposolivesa.com\/blog\/wp-json\/wp\/v2\/tags?post=1265"}],"curies":[{"name":"wp","href":"https:\/\/api.w.org\/{rel}","templated":true}]}}