{"id":1163,"date":"2023-07-31T11:45:44","date_gmt":"2023-07-31T11:45:44","guid":{"rendered":"https:\/\/www.gruposolivesa.com\/blog\/?p=1163"},"modified":"2023-07-31T11:50:32","modified_gmt":"2023-07-31T11:50:32","slug":"el-sindrome-post-vacacional-claves-para-que-no-arruine-tus-dias-de-descanso","status":"publish","type":"post","link":"https:\/\/www.gruposolivesa.com\/blog\/el-sindrome-post-vacacional-claves-para-que-no-arruine-tus-dias-de-descanso\/","title":{"rendered":"El s\u00edndrome post vacacional: Claves para que no arruine tus d\u00edas de descanso"},"content":{"rendered":"\n<p>La llegada de las vacaciones es uno de esos d\u00edas que marcamos en rojo en nuestro calendario anual. Un d\u00eda muy esperado por todos que produce satisfacci\u00f3n y nos llena de alegr\u00eda, llega ese per\u00edodo en el que hay que preocuparse \u00fanicamente de DISFRUTAR. D\u00edas que, aunque tengan 24 horas, pasan m\u00e1s r\u00e1pido de lo normal y que se esfuman sin darnos cuenta hasta que llega otro de los d\u00edas marcados en nuestras agendas, el regreso de las vacaciones.<\/p>\n\n\n\n<!--more-->\n\n\n\n<figure class=\"wp-block-image size-large\"><img loading=\"lazy\" decoding=\"async\" width=\"1024\" height=\"577\" src=\"https:\/\/www.gruposolivesa.com\/blog\/wp-content\/uploads\/2023\/07\/1-1024x577.png\" alt=\"\" class=\"wp-image-1164\" srcset=\"https:\/\/www.gruposolivesa.com\/blog\/wp-content\/uploads\/2023\/07\/1-1024x577.png 1024w, https:\/\/www.gruposolivesa.com\/blog\/wp-content\/uploads\/2023\/07\/1-300x169.png 300w, https:\/\/www.gruposolivesa.com\/blog\/wp-content\/uploads\/2023\/07\/1-768x433.png 768w, https:\/\/www.gruposolivesa.com\/blog\/wp-content\/uploads\/2023\/07\/1-1536x865.png 1536w, https:\/\/www.gruposolivesa.com\/blog\/wp-content\/uploads\/2023\/07\/1-1200x676.png 1200w, https:\/\/www.gruposolivesa.com\/blog\/wp-content\/uploads\/2023\/07\/1.png 1640w\" sizes=\"auto, (max-width: 709px) 85vw, (max-width: 909px) 67vw, (max-width: 1362px) 62vw, 840px\" \/><\/figure>\n\n\n\n<p>Un lunes negro que en muchas ocasiones marca todo el transcurso de nuestro descanso, pues cada vez m\u00e1s personas pasan sus d\u00edas libres pensando en la vuelta a la rutina y sufriendo as\u00ed el s\u00edndrome postvacacional.&nbsp;<\/p>\n\n\n\n<p><strong>\u00bfConoces qu\u00e9 es?&nbsp;<\/strong><\/p>\n\n\n\n<p>El s\u00edndrome o depresi\u00f3n postvacacional hace referencia a las sensaciones de molestia o estr\u00e9s que podemos experimentar al volver de vacaciones y reincorporarnos al trabajo. Viene ocasionada por los cambios de rutina. Es decir, cuando nos vamos de vacaciones es posible que dejemos de madrugar, nos podemos acostar m\u00e1s tarde (o m\u00e1s temprano), comemos a deshora, tenemos menos obligaciones o las dejamos a un lado\u2026<\/p>\n\n\n\n<p>En vacaciones rompemos complemente nuestra rutina. Aunque pueda parecer una tonter\u00eda, somos seres de h\u00e1bitos y cambiar lo que hacemos en nuestro d\u00eda a d\u00eda tiene consecuencias.<\/p>\n\n\n\n<p>Su duraci\u00f3n suele alargarse durante los primeros siete d\u00edas tras la reincorporaci\u00f3n al puesto de trabajo, pero si ves que se alarga consulta a un especialista ya que puede tratarse de ansiedad u otra dolencia.&nbsp;<\/p>\n\n\n\n<p><strong>Tres consejos que pueden evitar que el s\u00edndrome postvacacional se apodere de ti&nbsp;<\/strong><\/p>\n\n\n\n<p><em>Gu\u00e1rdate un d\u00eda de descanso<\/em><\/p>\n\n\n\n<p>Hay mucha gente que apura en sus escapadas o viajes veraniegos hasta el \u00faltimo d\u00eda, utilizan todo el tiempo para hacer planes y no dejan ni un solo d\u00eda al descanso. Aunque esto favorece al descanso mental el f\u00edsico tambi\u00e9n es importante. Si pasamos de las vacaciones a la rutina de forma directa, el cambio puede ser el principio del s\u00edndrome postvacacional.<\/p>\n\n\n\n<p><em>Regulariza horarios&nbsp;<\/em><\/p>\n\n\n\n<p>Acostarse m\u00e1s tarde de lo habitual y levantarse sin hacer caso al despertador son de los h\u00e1bitos m\u00e1s habituales durante las vacaciones. Alterar los horarios hace que el regreso a los madrugones nos parezca un mundo en nuestra vuelta al trabajo. Por ello es recomendable mantener horarios parecidos a los que se tienen en el d\u00eda a d\u00eda y evitar que el nivel de sue\u00f1o no se vea alterado en nuestra vuelta al puesto de trabajo.&nbsp;<\/p>\n\n\n\n<p><em>Realiza la vuelta paso a paso<\/em><\/p>\n\n\n\n<p>La llegada a la oficina y los emails sin abrir pueden ser la peor bienvenida una vez lleguemos a nuestra mesa tratemos de ordenar el trabajo y priorizar las necesidades de nuestra vuelta para que las tareas pendientes no generen m\u00e1s ansiedad de la debida.&nbsp;<\/p>\n\n\n\n<figure class=\"wp-block-image size-large\"><img loading=\"lazy\" decoding=\"async\" width=\"1024\" height=\"577\" src=\"https:\/\/www.gruposolivesa.com\/blog\/wp-content\/uploads\/2023\/07\/2-1024x577.png\" alt=\"\" class=\"wp-image-1166\" srcset=\"https:\/\/www.gruposolivesa.com\/blog\/wp-content\/uploads\/2023\/07\/2-1024x577.png 1024w, https:\/\/www.gruposolivesa.com\/blog\/wp-content\/uploads\/2023\/07\/2-300x169.png 300w, https:\/\/www.gruposolivesa.com\/blog\/wp-content\/uploads\/2023\/07\/2-768x433.png 768w, https:\/\/www.gruposolivesa.com\/blog\/wp-content\/uploads\/2023\/07\/2-1536x865.png 1536w, https:\/\/www.gruposolivesa.com\/blog\/wp-content\/uploads\/2023\/07\/2-1200x676.png 1200w, https:\/\/www.gruposolivesa.com\/blog\/wp-content\/uploads\/2023\/07\/2.png 1640w\" sizes=\"auto, (max-width: 709px) 85vw, (max-width: 909px) 67vw, (max-width: 1362px) 62vw, 840px\" \/><\/figure>\n\n\n\n<p><\/p>\n\n\n\n<p>Estos tres tips pueden ayudar a que el s\u00edndrome postvacacional no se apodere de ti pero rel\u00e1jate y disfruta, esta es la premisa principal para que tus vacaciones hagan su verdadero efecto.\u00a0<\/p>\n\n\n\n<p>No pienses en el regreso, simplemente trata de que tus vacaciones sean ordenadas para no sufrir las consecuencias del desorden d\u00edas m\u00e1s tarde.&nbsp;&nbsp;&nbsp;<\/p>\n<!-- AddThis Advanced Settings generic via filter on the_content --><!-- AddThis Share Buttons generic via filter on the_content -->","protected":false},"excerpt":{"rendered":"<p>La llegada de las vacaciones es uno de esos d\u00edas que marcamos en rojo en nuestro calendario anual. Un d\u00eda muy esperado por todos que produce satisfacci\u00f3n y nos llena de alegr\u00eda, llega ese per\u00edodo en el que hay que preocuparse \u00fanicamente de DISFRUTAR. D\u00edas que, aunque tengan 24 horas, pasan m\u00e1s r\u00e1pido de lo &hellip; <a href=\"https:\/\/www.gruposolivesa.com\/blog\/el-sindrome-post-vacacional-claves-para-que-no-arruine-tus-dias-de-descanso\/\" class=\"more-link\">Continuar leyendo<span class=\"screen-reader-text\"> \u00abEl s\u00edndrome post vacacional: Claves para que no arruine tus d\u00edas de descanso\u00bb<\/span><\/a><!-- AddThis Advanced Settings generic via filter on get_the_excerpt --><!-- AddThis Share Buttons generic via filter on get_the_excerpt --><\/p>\n","protected":false},"author":2,"featured_media":1165,"comment_status":"closed","ping_status":"open","sticky":false,"template":"","format":"standard","meta":{"footnotes":""},"categories":[1],"tags":[],"class_list":["post-1163","post","type-post","status-publish","format-standard","has-post-thumbnail","hentry","category-noticias"],"_links":{"self":[{"href":"https:\/\/www.gruposolivesa.com\/blog\/wp-json\/wp\/v2\/posts\/1163","targetHints":{"allow":["GET"]}}],"collection":[{"href":"https:\/\/www.gruposolivesa.com\/blog\/wp-json\/wp\/v2\/posts"}],"about":[{"href":"https:\/\/www.gruposolivesa.com\/blog\/wp-json\/wp\/v2\/types\/post"}],"author":[{"embeddable":true,"href":"https:\/\/www.gruposolivesa.com\/blog\/wp-json\/wp\/v2\/users\/2"}],"replies":[{"embeddable":true,"href":"https:\/\/www.gruposolivesa.com\/blog\/wp-json\/wp\/v2\/comments?post=1163"}],"version-history":[{"count":2,"href":"https:\/\/www.gruposolivesa.com\/blog\/wp-json\/wp\/v2\/posts\/1163\/revisions"}],"predecessor-version":[{"id":1168,"href":"https:\/\/www.gruposolivesa.com\/blog\/wp-json\/wp\/v2\/posts\/1163\/revisions\/1168"}],"wp:featuredmedia":[{"embeddable":true,"href":"https:\/\/www.gruposolivesa.com\/blog\/wp-json\/wp\/v2\/media\/1165"}],"wp:attachment":[{"href":"https:\/\/www.gruposolivesa.com\/blog\/wp-json\/wp\/v2\/media?parent=1163"}],"wp:term":[{"taxonomy":"category","embeddable":true,"href":"https:\/\/www.gruposolivesa.com\/blog\/wp-json\/wp\/v2\/categories?post=1163"},{"taxonomy":"post_tag","embeddable":true,"href":"https:\/\/www.gruposolivesa.com\/blog\/wp-json\/wp\/v2\/tags?post=1163"}],"curies":[{"name":"wp","href":"https:\/\/api.w.org\/{rel}","templated":true}]}}