{"id":1090,"date":"2023-02-27T10:03:44","date_gmt":"2023-02-27T10:03:44","guid":{"rendered":"https:\/\/www.gruposolivesa.com\/blog\/?p=1090"},"modified":"2023-02-27T10:03:44","modified_gmt":"2023-02-27T10:03:44","slug":"moviles-en-menores-cada-vez-a-edad-mas-temprana-y-durante-mas-horas","status":"publish","type":"post","link":"https:\/\/www.gruposolivesa.com\/blog\/moviles-en-menores-cada-vez-a-edad-mas-temprana-y-durante-mas-horas\/","title":{"rendered":"M\u00f3viles en menores, cada vez a edad m\u00e1s temprana y durante m\u00e1s horas"},"content":{"rendered":"<p><span style=\"font-weight: 400;\">Hoy, el uso de dispositivos m\u00f3viles est\u00e1 totalmente normalizado en edades tempranas, incluso a partir de los 2, 3 a\u00f1os y en muchos casos sin vigilancia. Smartphones y los tablets se han convertido en una v\u00eda de entretenimiento\u00a0para los m\u00e1s peque\u00f1os, y las <\/span><i><span style=\"font-weight: 400;\">stores<\/span><\/i><span style=\"font-weight: 400;\"> est\u00e1n llenas de <\/span><i><span style=\"font-weight: 400;\">apps<\/span><\/i><span style=\"font-weight: 400;\"> para ni\u00f1os.\u00a0<\/span><\/p>\n<p><!--more--><\/p>\n<p><span style=\"font-weight: 400;\">\u00bfPero existe una edad adecuada en la que empezar con el uso de los dispositivos m\u00f3viles? Las contraindicaciones del exceso a la exposici\u00f3n de dispositivos digitales, son muchas, desde que afecta a su desarrollo cognitivo, a la salud ocular, favorece el sedentarismo, genera estr\u00e9s y agitaci\u00f3n. As\u00ed que respecto a si existe una edad para empezar con el uso de los m\u00f3viles, posiblemente si preguntamos a los profesionales de la psicolog\u00eda, educaci\u00f3n o padres y madres, tendr\u00edamos una respuesta bastante com\u00fan: retrasarlo lo m\u00e1ximo posible. Porque sabemos, que lo que en principio puede darnos una tregua en nuestro d\u00eda, que nos permita realizar tranquilamente las tareas del hogar o para distraerlos cuando estamos en p\u00fablico, seg\u00fan van creciendo se va convirtiendo en motivo de conflicto en casa diario.<\/span><\/p>\n<p><span style=\"font-weight: 400;\">Llegamos a una adolescencia, con un porcentaje del 37% de los j\u00f3venes de entre 12 y 17 a\u00f1os, pasando m\u00e1s de 6 horas delante de su m\u00f3vil, seg\u00fan datos de una encuesta realizada por Caritas el pasado a\u00f1o.\u00a0 Algo que sufren padres y madres, que ven como sus hijos e hijas, absortos en sus pantallas sin siquiera responden y que lo hacen con agresividad si se les quita el dispositivo.<\/span><\/p>\n<p><img loading=\"lazy\" decoding=\"async\" class=\" wp-image-1093\" src=\"https:\/\/www.gruposolivesa.com\/blog\/wp-content\/uploads\/2023\/02\/Interior-1-300x194.jpg\" alt=\"\" width=\"586\" height=\"379\" srcset=\"https:\/\/www.gruposolivesa.com\/blog\/wp-content\/uploads\/2023\/02\/Interior-1-300x194.jpg 300w, https:\/\/www.gruposolivesa.com\/blog\/wp-content\/uploads\/2023\/02\/Interior-1-768x498.jpg 768w, https:\/\/www.gruposolivesa.com\/blog\/wp-content\/uploads\/2023\/02\/Interior-1.jpg 940w\" sizes=\"auto, (max-width: 586px) 85vw, 586px\" \/><\/p>\n<p><span style=\"font-weight: 400;\">En cuanto a su utilizaci\u00f3n, los usos m\u00e1s frecuentes de los j\u00f3venes son las\u00a0apps de juegos y las que muestran v\u00eddeos, junto a las redes sociales.\u00a0 Todo ello les une a su grupo, y no tener acceso es como dejarles fuera de \u00e9l. Pero lo que para unos es su momento de descanso, para otros es una aut\u00e9ntica absorci\u00f3n, que les distrae de sus tareas d\u00edas. Ante esta situaci\u00f3n, la gran mayor\u00eda de padres y madres se ven incapaces a estas alturas de poner l\u00edmites. Por ello, para fomentar un uso responsable y seguro de las tecnolog\u00edas desde el principio, no podemos descuidar la vigilancia, los contenidos y el control del tiempo. Hay que recordar, que existen opciones de control parental, que permiten limitar el uso y contenidos.<\/span><\/p>\n<p><span style=\"font-weight: 400;\">En Grupo Solivesa, como distribuidores de <a href=\"https:\/\/www.vodafone.es\/c\/conocenos\/es\/vodafone-espana\/empresa-sostenible\/comportamiento-etico-y-responsable\/disfrute-seguro-y-responsable\/\">Vodafone,<\/a> estamos comprometidos con el <\/span><b>disfrute seguro y responsable de las TIC en los menores<\/b><span style=\"font-weight: 400;\">, <\/span><span style=\"font-weight: 400;\">ofreciendo herramientas para que los menores puedan\u00a0navegar dentro de un entorno seguro y promoviendo la educaci\u00f3n y concienciaci\u00f3n en el\u00a0uso responsable. Entre ellos, el programa Be Strong Online pone a disposici\u00f3n de los usuarios y usuarias un conjunto de m\u00f3dulos informativos que dan respuesta a numerosos temas relacionados con la\u00a0vida digital de los m\u00e1s j\u00f3venes.\u00a0<\/span><\/p>\n<p><span style=\"font-weight: 400;\">Con todo, siempre hay que tener en cuenta recomendaciones como las expuestas por la la Organizaci\u00f3n Mundial de la Salud (OMS), que apunta que\u00a0ni\u00f1os y ni\u00f1as menores de 2 a\u00f1os no deber\u00edan exponerse a las pantallas\u00a0y limita a\u00a01 hora diaria<\/span><b>\u00a0<\/b><span style=\"font-weight: 400;\">esa exposici\u00f3n hasta los 12 a\u00f1os, y de 2 horas, a partir de dicha edad.<\/span><\/p>\n<p><span style=\"font-weight: 400;\">Y sobre todo, ya en la adolescencia, poner el foco en la educaci\u00f3n, ense\u00f1ando a los m\u00e1s j\u00f3venes los riesgos de publicar cierta informaci\u00f3n de forma irresponsable, de las redes sociales o de los juegos que permiten el contacto con desconocidos.<\/span><\/p>\n<p><span style=\"font-weight: 400;\">Y t\u00fa, \u00bfqu\u00e9 consejos o medidas pones en practica para fomentar el uso responsable de los dispositivos m\u00f3viles en los m\u00e1s peque\u00f1os? Puedas compartirlas en los comentarios.<\/span><\/p>\n<!-- AddThis Advanced Settings generic via filter on the_content --><!-- AddThis Share Buttons generic via filter on the_content -->","protected":false},"excerpt":{"rendered":"<p>Hoy, el uso de dispositivos m\u00f3viles est\u00e1 totalmente normalizado en edades tempranas, incluso a partir de los 2, 3 a\u00f1os y en muchos casos sin vigilancia. Smartphones y los tablets se han convertido en una v\u00eda de entretenimiento\u00a0para los m\u00e1s peque\u00f1os, y las stores est\u00e1n llenas de apps para ni\u00f1os.\u00a0<!-- AddThis Advanced Settings generic via filter on get_the_excerpt --><!-- AddThis Share Buttons generic via filter on get_the_excerpt --><\/p>\n","protected":false},"author":2,"featured_media":1091,"comment_status":"closed","ping_status":"open","sticky":false,"template":"","format":"standard","meta":{"footnotes":""},"categories":[1],"tags":[],"class_list":["post-1090","post","type-post","status-publish","format-standard","has-post-thumbnail","hentry","category-noticias"],"_links":{"self":[{"href":"https:\/\/www.gruposolivesa.com\/blog\/wp-json\/wp\/v2\/posts\/1090","targetHints":{"allow":["GET"]}}],"collection":[{"href":"https:\/\/www.gruposolivesa.com\/blog\/wp-json\/wp\/v2\/posts"}],"about":[{"href":"https:\/\/www.gruposolivesa.com\/blog\/wp-json\/wp\/v2\/types\/post"}],"author":[{"embeddable":true,"href":"https:\/\/www.gruposolivesa.com\/blog\/wp-json\/wp\/v2\/users\/2"}],"replies":[{"embeddable":true,"href":"https:\/\/www.gruposolivesa.com\/blog\/wp-json\/wp\/v2\/comments?post=1090"}],"version-history":[{"count":1,"href":"https:\/\/www.gruposolivesa.com\/blog\/wp-json\/wp\/v2\/posts\/1090\/revisions"}],"predecessor-version":[{"id":1094,"href":"https:\/\/www.gruposolivesa.com\/blog\/wp-json\/wp\/v2\/posts\/1090\/revisions\/1094"}],"wp:featuredmedia":[{"embeddable":true,"href":"https:\/\/www.gruposolivesa.com\/blog\/wp-json\/wp\/v2\/media\/1091"}],"wp:attachment":[{"href":"https:\/\/www.gruposolivesa.com\/blog\/wp-json\/wp\/v2\/media?parent=1090"}],"wp:term":[{"taxonomy":"category","embeddable":true,"href":"https:\/\/www.gruposolivesa.com\/blog\/wp-json\/wp\/v2\/categories?post=1090"},{"taxonomy":"post_tag","embeddable":true,"href":"https:\/\/www.gruposolivesa.com\/blog\/wp-json\/wp\/v2\/tags?post=1090"}],"curies":[{"name":"wp","href":"https:\/\/api.w.org\/{rel}","templated":true}]}}